{"id":12033,"date":"2025-02-20T09:25:21","date_gmt":"2025-02-20T08:25:21","guid":{"rendered":"https:\/\/declaration-surrogacy-casablanca.org\/?p=12033"},"modified":"2025-02-20T09:27:39","modified_gmt":"2025-02-20T08:27:39","slug":"ou-es-tu-maman-olivia-maurel-une-gpa-ne-peut-jamais-etre-ethique-car-elle-est-par-definition-contraire-a-la-dignite-humaine-interview-2","status":"publish","type":"post","link":"https:\/\/declaration-surrogacy-casablanca.org\/es\/ou-es-tu-maman-olivia-maurel-une-gpa-ne-peut-jamais-etre-ethique-car-elle-est-par-definition-contraire-a-la-dignite-humaine-interview-2\/","title":{"rendered":"O\u00f9 es tu Maman ? Olivia Maurel : \u00ab Une GPA ne peut jamais \u00eatre \u00e9thique car elle est, par d\u00e9finition, contraire \u00e0 la dignit\u00e9 humaine \u00bb [Interview]"},"content":{"rendered":"<p data-start=\"66\" data-end=\"671\"><a href=\"https:\/\/www.breizh-info.com\/2025\/02\/20\/243995\/olivia-maurel-gpa-livre\/\">Entretien original sur Breizh Info 20 f\u00e9vrier 2025<\/a><\/p>\n<p data-start=\"66\" data-end=\"671\">La <a href=\"https:\/\/www.breizh-info.com\/2024\/09\/11\/237507\/lappel-de-deputes-chiliens-contre-la-gestation-pour-autrui-gpa-le-temoignage-poignant-dolivia-maurel-et-les-dangers-de-cette-pratique-controversee\/\">gestation pour autrui<\/a> (GPA) est souvent pr\u00e9sent\u00e9e sous un prisme id\u00e9alis\u00e9 : celui d\u2019un geste altruiste, d\u2019un progr\u00e8s m\u00e9dical ou encore d\u2019une solution miracle pour les couples en d\u00e9sir d\u2019enfant. Pourtant, derri\u00e8re cette fa\u00e7ade lisse et rassurante, se cache une autre r\u00e9alit\u00e9, bien plus sombre, celle du <strong data-start=\"371\" data-end=\"430\">commerce des corps et de la marchandisation des enfants<\/strong>. C\u2019est cette v\u00e9rit\u00e9 crue qu\u2019<strong data-start=\"459\" data-end=\"476\">Olivia Maurel<\/strong> met en lumi\u00e8re dans son livre <em data-start=\"507\" data-end=\"526\">O\u00f9 es-tu, Maman ?<\/em>, un t\u00e9moignage rare et puissant qui brise l\u2019omerta autour des cons\u00e9quences de la GPA sur les premiers concern\u00e9s : les enfants n\u00e9s de ce proc\u00e9d\u00e9.<\/p>\n<p data-start=\"673\" data-end=\"1331\">Issue d\u2019un milieu privil\u00e9gi\u00e9, Olivia Maurel aurait pu grandir dans un cocon de confort et de r\u00e9ussite. Mais d\u00e8s l\u2019enfance, un mal-\u00eatre profond la ronge : une <strong data-start=\"831\" data-end=\"862\">peur de l\u2019abandon visc\u00e9rale<\/strong>, une impression diffuse d\u2019\u00eatre une pi\u00e8ce rapport\u00e9e dans sa propre famille. C\u2019est en menant l\u2019enqu\u00eate sur ses origines qu\u2019elle d\u00e9couvre la v\u00e9rit\u00e9 : elle est n\u00e9e d\u2019une <strong data-start=\"1029\" data-end=\"1061\">m\u00e8re porteuse aux \u00c9tats-Unis<\/strong>, vendue \u00e0 la naissance comme une simple transaction contractuelle. Ce choc existentiel la pousse \u00e0 explorer un monde qu\u2019elle ignorait, celui des cliniques de GPA o\u00f9 des femmes en situation pr\u00e9caire sont utilis\u00e9es comme incubatrices pour satisfaire la demande d\u2019enfants.<\/p>\n<p data-start=\"1333\" data-end=\"1836\">Aujourd\u2019hui, Olivia Maurel n\u2019est plus seulement une victime de ce syst\u00e8me : elle est devenue une <strong data-start=\"1430\" data-end=\"1466\">militante acharn\u00e9e contre la GPA<\/strong>, porte-parole de la <strong data-start=\"1487\" data-end=\"1516\">D\u00e9claration de Casablanca<\/strong>, une initiative internationale visant \u00e0 <strong data-start=\"1557\" data-end=\"1603\">abolir cette pratique \u00e0 l\u2019\u00e9chelle mondiale<\/strong>. \u00c0 travers son combat, elle s\u2019attaque aux discours l\u00e9nifiants qui cherchent \u00e0 normaliser cette nouvelle traite humaine, o\u00f9 l\u2019enfant devient un bien de consommation et o\u00f9 la souffrance des m\u00e8res porteuses est rel\u00e9gu\u00e9e au second plan.<\/p>\n<p data-start=\"1838\" data-end=\"2167\" data-is-last-node=\"\">Dans cet entretien, Olivia Maurel revient sur son parcours, son combat, et sur l\u2019<strong data-start=\"1919\" data-end=\"2015\">urgence de d\u00e9noncer une pratique qui bafoue les principes fondamentaux de la dignit\u00e9 humaine<\/strong>. Un t\u00e9moignage essentiel pour comprendre les dangers de la GPA et les d\u00e9rives d\u2019un march\u00e9 o\u00f9 le d\u00e9sir d\u2019enfant prime sur le respect des droits humains.<\/p>\n<p><strong>Breizh-info.com : Pouvez-vous nous parler de votre enfance et de la mani\u00e8re dont vous avez ressenti ce \u00ab\u00a0manque\u00a0\u00bb avant de d\u00e9couvrir la v\u00e9rit\u00e9 sur vos origines ?<\/strong><\/p>\n<p><strong>Olivia Maurel :<\/strong> Petite, je n\u2019ai manqu\u00e9 de rien mat\u00e9riellement parlant. Je disposais de tout ce dont j\u2019avais besoin. Mon enfance a \u00e9t\u00e9 marqu\u00e9 par la peur de l\u2019abandon li\u00e9 au traumatisme de l\u2019abandon du fait que j\u2019ai \u00e9t\u00e9 vendue \u00e0 la naissance. Petite, j\u2019\u00e9tais une enfant tr\u00e8s angoiss\u00e9e, je ne supportais pas \u00eatre laiss\u00e9e par mes parents. En m\u00eame temps, j\u2019avais un manque de lien \u00e9motionnel avec ma m\u00e8re d\u2019intention. Je n\u2019avais pas un \u201cmanque\u201d mais plut\u00f4t un vide que je tentais de combler par tous les moyens: le manque de mes origines et de, ce que je comprendrais plus tard, ma m\u00e8re.<\/p>\n<p><strong>Breizh-info.com : \u00c0 quel moment avez-vous commenc\u00e9 \u00e0 suspecter que vous \u00e9tiez n\u00e9e d\u2019une gestation pour autrui, et comment cette d\u00e9couverte a-t-elle transform\u00e9 votre vie?<\/strong><\/p>\n<p><strong>Olivia Maurel :<\/strong> J\u2019ai commenc\u00e9 \u00e0 suspecter que j\u2019\u00e9tais n\u00e9e d\u2019une autre m\u00e8re tr\u00e8s t\u00f4t car je ne ressemble en rien \u00e0 ma m\u00e8re d\u2019adoption: je suis grande, blonde (enfin, je l\u2019\u00e9tais petite), aux yeux bleus, j\u2019ai des traits plut\u00f4t de l\u2019est; ma m\u00e8re est tr\u00e8s petits, \u00e0 la yeux marrons, une peau tr\u00e8s matte. C\u2019est une tr\u00e8s belle femme, n\u00e9anmoins je ne me retrouve pas en elle physiquement comment mentalement. C\u2019est uniquement plus tard, autour de mes 17 ans, apr\u00e8s maintes d\u00e9boires, que je d\u00e9cide de faire des recherches sur ma ville de naissance aux Kentucky (USA) et que je tombe sur des agences de GPA. C\u2019est exactement \u00e0 ce moment que j\u2019ai su que c\u2019\u00e9tait ainsi que j\u2019avais \u00e9t\u00e9 con\u00e7u. Je le savais intrins\u00e8quement, instinctivement. Cela n\u2019a pas vraiment chang\u00e9 ma vie car je savais depuis un moment que j\u2019\u00e9tais n\u00e9e d\u2019une autre m\u00e8re. N\u00e9anmoins, j\u2019avais plus de questions que de r\u00e9ponses \u00e0 ce stade.<\/p>\n<p><strong>Breizh-info.com : Vous d\u00e9noncez la GPA comme une forme moderne d\u2019esclavage. Quels sont, selon vous, les aspects les plus probl\u00e9matiques de cette pratique ? Vous \u00e9voquez souvent le manque de contr\u00f4le \u00e9thique et juridique dans les GPA. Que pensez-vous des arguments en faveur d\u2019une \u00ab\u00a0GPA \u00e9thique\u00a0\u00bb ?<\/strong><\/p>\n<p><strong>Olivia Maurel :<\/strong> Tous les aspects de la GPA sont probl\u00e9matiques: cette pratique nuit gravement \u00e0 la dignit\u00e9 humaine. Concernant la femme, c\u2019est la r\u00e9duire \u00e0 une esclave reproductive. En effet, elle doit se soumettre aux conditions tr\u00e8s strictes de son contrat qui l\u2019emp\u00eache de vivre comme elles le souhaitent. Ce n\u2019est pas une question de \u201cmon corps, mon choix\u201d dans la GPA, mais \u201cmon corps, le choix du client\u201d. De plus, se sont toujours des femmes qui sont motiv\u00e9es par l\u2019argent et qui ont un statut \u00e9conomiquement inf\u00e9rieur aux commanditaires. \u201cDonnez de l\u2019argent \u00e0 ces femmes pour vivre dignement et \u00e9lever leurs enfants dans la dignit\u00e9, et il n\u2019y aurait plus de ventre \u00e0 louer\u201d disant Gis\u00e8le Halimi. Si nous luttons contre la pr\u00e9carit\u00e9 incroyable de ces femmes qui deviennent m\u00e8res porteuses ou si nous enlevons totalement l\u2019argent de l\u2019\u00e9quation, c\u2019est-\u00e0-dire de ne m\u00eame plus rembourser des frais colossaux, alors il n\u2019y aurait plus de ventres \u00e0 louer.<\/p>\n<p>Du c\u00f4t\u00e9 de l\u2019enfant, c\u2019est \u00e9galement le r\u00e9duire \u00e0 une commodit\u00e9, \u00e0 une chose, que l\u2019on ach\u00e8te et que l\u2019on vend. On provoque le traumatisme de l\u2019abandon en l\u2019arrachant \u00e0 sa m\u00e8re \u00e0 la naissance, \u00e0 ses racines, \u00e0 son identit\u00e9. Comment peut-on passer une loi interdisant la s\u00e9paration de chatons de leurs m\u00e8res pendant un d\u00e9lai de 2 mois pour le sevrage mais laisser un march\u00e9 mondial arracher des nourrissons \u00e0 leurs mamans \u00e0 la naissance? Avoir un enfant n\u2019est pas un droit, mais les enfants eux, ont des droits notamment couverts part la Convention Internationale des droits de l\u2019enfant de l\u2019ONU. Par exemple, l\u2019article 8 de la CIDE pr\u00e9voit que l\u2019enfant \u00e0 le droit \u00e0 son identit\u00e9. Identit\u00e9 qui est vol\u00e9e dans la GPA.<\/p>\n<p>Une GPA ne peut jamais \u00eatre \u00e9thique car elle est, par d\u00e9finition, contraire \u00e0 la dignit\u00e9 humaine. De plus, personne n\u2019est capable de donner une seule et unique d\u00e9finition d\u2019une GPA pseudo \u201c\u00e9thique\u201d: pour certains pro-GPA c\u2019est le mod\u00e8le am\u00e9ricain qui devrait \u00eatre suivi, pour d\u2019autres le mod\u00e8le de l\u2019Angleterre ou pour certains le mod\u00e8le du Canada.<\/p>\n<p>Rappelons qu\u2019en Ao\u00fbt 2023 il y a eu un d\u00e9mant\u00e8lement d\u2019un traffic de169 femmes en Gr\u00e8ce, l\u00e0 o\u00f9 la GPA est \u201caltruist\u201d et \u201c\u00e9thique\u201d. Ces pauvres femmes \u00e9taient trafiqu\u00e9es de pays comme l\u2019Ukraine, la Roumanie, l\u2019Albanie, forc\u00e9e \u00e0 devenir des m\u00e8res porteuses en Gr\u00e8ce pour des couples \u00e9trangers, notamment des couples australiens. Cela montre que de \u201cr\u00e9guler\u201d la pratique ouvre au traffic \u00e0 ciel ouvert et permet simplement de faire croitre le march\u00e9 de la gestation pour autrui estim\u00e9 \u00e0 plus de 100M de dollars en 2032.<\/p>\n<p><strong>Breizh-info.com : Comment \u00eates-vous pass\u00e9e de votre d\u00e9couverte personnelle \u00e0 un engagement public et militant contre la GPA ? Vous avez t\u00e9moign\u00e9 devant plusieurs institutions internationales. Quels sont, selon vous, les obstacles majeurs \u00e0 l\u2019abolition universelle de la GPA ?<\/strong><\/p>\n<p><strong>Olivia Maurel :<\/strong> J\u2019ai commenc\u00e9 mon militantisme en racontant mon histoire sur Tiktok, pour vider mon sac mais aussi pour pr\u00e9venir les gens des dangers de cette pratique. J\u2019ai ensuite \u00e9t\u00e9 au Parlement de la R\u00e9publique tch\u00e8que et j\u2019ai commenc\u00e9 \u00e0 \u00eatre la porte-parole de la D\u00e9claration de Casablanca qui veut l\u2019abolition universelle de la GPA par le biais d\u2019un trait\u00e9 international. J\u2019ai ainsi commenc\u00e9 \u00e0 t\u00e9moigner et argumenter devant les institutions de plusieurs pays mais j\u2019ai aussi rencontr\u00e9 des ministres, des parlementaires, Le Pape, et des \u00e9tudiants.<\/p>\n<p>Nous combattons g\u00e9ant et nous le savons. Un march\u00e9 mondial de la femme et de l\u2019enfant qui p\u00e8se des milliards de dollars ne se combat pas facilement. Ils ont de l\u2019argent, de l\u2019influence et sont partout: dans nos m\u00e9dias, sur les r\u00e9seaux sociaux, au parlement europ\u00e9en et \u00e0 l\u2019ONU par le biais de lobbies. Cependant nous avons quelque chose qu\u2019ils n\u2019ont pas: la morale, le juste, le bon sens et la science qui sont de notre c\u00f4t\u00e9. Nous arriverons \u00e0 abolir la pratique, cela j\u2019en suis certaine.<\/p>\n<p><strong>Breizh-info.com : Pensez-vous que les m\u00e9dias jouent un r\u00f4le dans la \u00ab\u00a0normalisation\u00a0\u00bb de la GPA ? Si oui, comment cela pourrait-il \u00eatre corrig\u00e9 ?<\/strong><\/p>\n<p><strong>Olivia Maurel :<\/strong> Evidemment que les m\u00e9dias jouent un r\u00f4le dans la \u201cnormalisation\u201d de la GPA mais je dirais que c\u2019est plut\u00f4t les chaines de t\u00e9l\u00e9vision. Il y a maintenant 1 an et demi que je travaille avec la D\u00e9claration de Casablanca et au d\u00e9but, aucun journal mainstream ne voulait m\u2019\u00e9couter. Il a fallut du temps et beaucoup d\u2019\u00e9nergie pour arriver \u00e0 nous faire \u00e9couter mais cela a port\u00e9 ses fruits car j\u2019ai pu \u00eatre \u00e9cout\u00e9 par The Economist par exemple. Les m\u00e9dias papiers commencent vraiment \u00e0 comprendre l\u2019horreur qui se cache derri\u00e8re les fleurs bleus que les plateaux de t\u00e9l\u00e9 nous servent.<\/p>\n<p>Concernant les m\u00e9dias t\u00e9l\u00e9visuels, l\u00e0 nous avons un souci. Pour accueillir des stars ou des couples qui ont eu recours \u00e0 la GPA pour glorifier la pratique, l\u00e0 les portes sont grandes ouvertes. Par contre, pour me laisser parler, l\u00e0, il n\u2019y a plus personne et cela freine des 4 fers. Ce qui est totalement hypocrite dans un pays dans lequel la GPA est interdite: ces chaines font de la promotion d\u2019une pratique totalement ill\u00e9gale.<\/p>\n<p><strong>Breizh-info.com : Avez-vous constat\u00e9 une \u00e9volution dans la perception de la GPA depuis que vous avez commenc\u00e9 \u00e0 vous exprimer publiquement sur le sujet ?<\/strong><\/p>\n<p><strong>Olivia Maurel :<\/strong> J\u2019ai vu une grande \u00e9volution dans la perception de la GPA depuis que j\u2019ai commenc\u00e9 il y a un an et demi, oui. Nous travaillions tr\u00e8s dur \u00e0 la D\u00e9claration de Casablanca pour que l\u2019opinion publique change en montrant les r\u00e9alit\u00e9s sombres de la gestation pour autrui. Nous avons vu aussi l\u2019Italie passer une loi qui punie les italiens p\u00e9nalement s\u2019ils partent et reviennent avec un b\u00e9b\u00e9 achet\u00e9 ailleurs. Le Chili actuellement est entrain de travailler sur un projet de loi pour interdire la GPA suite \u00e0 un entretien que j\u2019avais donn\u00e9 dans un des journaux du pays et des actions de mon coll\u00e8gue de la D\u00e9claration de Casablanca, Bernard Garcia, Directeur ex\u00e9cutif. C\u2019est un travail d\u2019\u00e9quipe qui fonctionne vraiment bien: nous avons plus de 150 signataires qui agissent dans 80 pays diff\u00e9rents.<br \/>\nJ\u2019ajouterais qu\u2019en 2022 un sondage annon\u00e7ait que 71% des fran\u00e7ais \u00e9taient pour la GPA. Un autre sondage de 2024 a annonc\u00e9 que 59% des fran\u00e7ais seraient pour la GPA. Une belle d\u00e9gringolade! Si nous allons \u00e0 ce rythme d\u2019ici peu le nombre de fran\u00e7ais en faveur de la GPA passera sous la barre des 50%.<\/p>\n<p><strong>Breizh-info.com : Avez-vous d\u00e9j\u00e0 essay\u00e9 de renouer avec votre m\u00e8re biologique ? Si oui, comment s\u2019est pass\u00e9e cette exp\u00e9rience ?<\/strong><\/p>\n<p><strong>Olivia Maurel :<\/strong> Dans mon livre \u201cO\u00f9 es-tu maman?\u201d j\u2019explique bien comment j\u2019ai pu renouer avec ma m\u00e8re biologique et je vous partage nos \u00e9changes charg\u00e9s d\u2019\u00e9motions. Cette exp\u00e9rience fut un moment tr\u00e8s intense pour moi. J\u2019\u00e9tais soulag\u00e9e d\u2019avoir les r\u00e9ponses \u00e0 mes questions existentielles et je savais enfin d\u2019o\u00f9 je venais mais en m\u00eame temps j\u2019\u00e9tais pein\u00e9e de savoir que ma m\u00e8re porteuse fut un jour la proie id\u00e9ale d\u2019un march\u00e9 inf\u00e2me qu\u2019est le march\u00e9 de la GPA.<\/p>\n<p><strong>Breizh-info.com Quel message souhaitez-vous adresser aux femmes tent\u00e9es par l\u2019id\u00e9e de devenir m\u00e8res porteuses ou aux couples envisageant de recourir \u00e0 la GPA ?<\/strong><\/p>\n<p><strong>Olivia Maurel :<\/strong> Les femmes qui sont tent\u00e9es par la GPA sont souvent celles qui sont motiv\u00e9es par l\u2019argent. Je dirais qu\u2019il est temps de trouver des solutions pour offrir \u00e0 ces femmes de quoi vivre dignement sans avoir \u00e0 louer leur corps pour survivre. J\u2019ai \u00e9norm\u00e9ment d\u2019amour et de compassion pour ces femmes qui font le choix difficile d\u2019avoir \u00e0 vendre leurs petits pour manger ou offrir une vie meilleure \u00e0 leurs enfants. Si j\u2019ai un message pour elles: attentions aux doses d\u2019hormones insupportables que vous allez vous injecter qui n\u2019ont fait l\u2019objet d\u2019aucune \u00e9tudes sur votre sant\u00e9 sur le court, moyen et long terme; faites attention car ce petit enfant que vous allez devoir rendre \u00e0 leurs propri\u00e9taires \u00e0 la fin du contrat sera en manque de vous toute leur vie.<br \/>\nPour les couples qui envisagent de recourir \u00e0 la GPA: je comprends votre souffrance, votre d\u00e9sir profond d\u2019avoir un enfant. N\u00e9anmoins on ne peut pas tr\u00e9pigner sur les droits des femmes et des enfants pour l\u2019unique raison d\u2019avoir un enfant \u00e0 tout prix.<\/p>\n<p>Propos recueillis par YV<\/p>\n","protected":false},"excerpt":{"rendered":"<p>Entretien original sur Breizh Info 20 f\u00e9vrier 2025 La gestation pour autrui (GPA) est souvent pr\u00e9sent\u00e9e sous un prisme id\u00e9alis\u00e9 : celui d\u2019un geste altruiste, d\u2019un progr\u00e8s m\u00e9dical ou encore d\u2019une solution miracle pour les couples en d\u00e9sir d\u2019enfant. Pourtant, derri\u00e8re cette fa\u00e7ade lisse et rassurante, se cache une autre r\u00e9alit\u00e9, bien plus sombre, celle [&hellip;]<\/p>\n","protected":false},"author":2,"featured_media":12029,"comment_status":"closed","ping_status":"closed","sticky":false,"template":"","format":"standard","meta":{"_seopress_robots_primary_cat":"none","_seopress_titles_title":"","_seopress_titles_desc":"","_seopress_robots_index":"","footnotes":""},"categories":[47,51],"tags":[],"class_list":["post-12033","post","type-post","status-publish","format-standard","has-post-thumbnail","hentry","category-expertise-en-francais","category-olivia-maurel"],"_links":{"self":[{"href":"https:\/\/declaration-surrogacy-casablanca.org\/es\/wp-json\/wp\/v2\/posts\/12033","targetHints":{"allow":["GET"]}}],"collection":[{"href":"https:\/\/declaration-surrogacy-casablanca.org\/es\/wp-json\/wp\/v2\/posts"}],"about":[{"href":"https:\/\/declaration-surrogacy-casablanca.org\/es\/wp-json\/wp\/v2\/types\/post"}],"author":[{"embeddable":true,"href":"https:\/\/declaration-surrogacy-casablanca.org\/es\/wp-json\/wp\/v2\/users\/2"}],"replies":[{"embeddable":true,"href":"https:\/\/declaration-surrogacy-casablanca.org\/es\/wp-json\/wp\/v2\/comments?post=12033"}],"version-history":[{"count":0,"href":"https:\/\/declaration-surrogacy-casablanca.org\/es\/wp-json\/wp\/v2\/posts\/12033\/revisions"}],"wp:featuredmedia":[{"embeddable":true,"href":"https:\/\/declaration-surrogacy-casablanca.org\/es\/wp-json\/wp\/v2\/media\/12029"}],"wp:attachment":[{"href":"https:\/\/declaration-surrogacy-casablanca.org\/es\/wp-json\/wp\/v2\/media?parent=12033"}],"wp:term":[{"taxonomy":"category","embeddable":true,"href":"https:\/\/declaration-surrogacy-casablanca.org\/es\/wp-json\/wp\/v2\/categories?post=12033"},{"taxonomy":"post_tag","embeddable":true,"href":"https:\/\/declaration-surrogacy-casablanca.org\/es\/wp-json\/wp\/v2\/tags?post=12033"}],"curies":[{"name":"wp","href":"https:\/\/api.w.org\/{rel}","templated":true}]}}