{"id":12036,"date":"2025-02-20T09:33:24","date_gmt":"2025-02-20T08:33:24","guid":{"rendered":"https:\/\/declaration-surrogacy-casablanca.org\/?p=12036"},"modified":"2025-02-20T09:33:24","modified_gmt":"2025-02-20T08:33:24","slug":"olivia-maurel-la-gestacion-subrogada-es-una-nueva-forma-de-trata-de-seres-humanos-2","status":"publish","type":"post","link":"https:\/\/declaration-surrogacy-casablanca.org\/fr\/olivia-maurel-la-gestacion-subrogada-es-una-nueva-forma-de-trata-de-seres-humanos-2\/","title":{"rendered":"Olivia Maurel: \u00abLa gestaci\u00f3n subrogada es una nueva forma de trata de seres humanos\u00bb"},"content":{"rendered":"<div class=\"intro\">\n<div class=\"flex-1 overflow-hidden @container\/thread translate-y-[2rem] -mt-[2rem] pb-[1.5rem]\">\n<div class=\"flex h-full flex-col overflow-y-auto\">\n<div class=\"flex flex-col text-sm md:pb-9\">\n<article class=\"w-full text-token-text-primary focus-visible:outline-2 focus-visible:outline-offset-[-4px]\" dir=\"auto\" data-testid=\"conversation-turn-67\" data-scroll-anchor=\"true\">\n<div class=\"m-auto text-base py-[18px] px-6\">\n<div class=\"mx-auto flex flex-1 gap-4 text-base md:gap-5 lg:gap-6 md:max-w-3xl lg:max-w-[40rem] xl:max-w-[48rem]\">\n<div class=\"group\/conversation-turn relative flex w-full min-w-0 flex-col agent-turn @xs\/thread:px-0 @sm\/thread:px-1.5 @md\/thread:px-4\">\n<div class=\"flex-col gap-1 md:gap-3\">\n<div class=\"flex max-w-full flex-col flex-grow\">\n<div class=\"min-h-8 text-message flex w-full flex-col items-end gap-2 whitespace-normal break-words text-start [.text-message+&amp;]:mt-5\" dir=\"auto\" data-message-author-role=\"assistant\" data-message-id=\"d4e2ec16-696e-4f60-98d4-39881593a110\" data-message-model-slug=\"gpt-4o\">\n<div class=\"flex w-full flex-col gap-1 empty:hidden first:pt-[3px]\">\n<div class=\"markdown prose w-full break-words dark:prose-invert dark\">\n<div class=\"flex-1 overflow-hidden @container\/thread translate-y-[2rem] -mt-[2rem] pb-[1.5rem]\">\n<div class=\"flex h-full flex-col overflow-y-auto\">\n<div class=\"flex flex-col text-sm\">\n<article class=\"w-full text-token-text-primary focus-visible:outline-2 focus-visible:outline-offset-[-4px]\" dir=\"auto\" data-testid=\"conversation-turn-69\" data-scroll-anchor=\"true\">\n<div class=\"m-auto text-base py-[18px] px-6\">\n<div class=\"mx-auto flex flex-1 gap-4 text-base md:gap-5 lg:gap-6 md:max-w-3xl lg:max-w-[40rem] xl:max-w-[48rem]\">\n<div class=\"group\/conversation-turn relative flex w-full min-w-0 flex-col agent-turn @xs\/thread:px-0 @sm\/thread:px-1.5 @md\/thread:px-4\">\n<div class=\"flex-col gap-1 md:gap-3\">\n<div class=\"flex max-w-full flex-col flex-grow\">\n<div class=\"min-h-8 text-message flex w-full flex-col items-end gap-2 whitespace-normal break-words text-start [.text-message+&amp;]:mt-5\" dir=\"auto\" data-message-author-role=\"assistant\" data-message-id=\"3a9a75c3-cfee-4ad6-8fa8-e19d8c15cb05\" data-message-model-slug=\"gpt-4o\">\n<div class=\"flex w-full flex-col gap-1 empty:hidden first:pt-[3px]\">\n<div class=\"markdown prose w-full break-words dark:prose-invert dark\">\n<p data-start=\"0\" data-end=\"159\" data-is-last-node=\"\"><a href=\"https:\/\/www.omnesmag.com\/foco\/olivia-maurel-la-gestacion-subrogada-forma-trata\/#\">Entrevista original en OMNES, Javier Garc\u00eda Herrer\u00eda, 17 de febrero de 2025<\/a><\/p>\n<p data-start=\"0\" data-end=\"159\" data-is-last-node=\"\"><strong>Olivia Maurel, nacida mediante gestaci\u00f3n subrogada, expone el impacto de este proceso en la identidad de los ni\u00f1os y su lucha por su abolici\u00f3n a nivel mundial.<\/strong><\/p>\n<\/div>\n<\/div>\n<\/div>\n<\/div>\n<\/div>\n<\/div>\n<\/div>\n<\/div>\n<\/article>\n<\/div>\n<\/div>\n<\/div>\n<\/div>\n<\/div>\n<\/div>\n<\/div>\n<\/div>\n<\/div>\n<\/div>\n<\/div>\n<\/article>\n<\/div>\n<\/div>\n<\/div>\n<p>Olivia Maurel, activista y figura clave en el debate sobre la gestaci\u00f3n subrogada, ha convertido su experiencia personal en un testimonio influyente a nivel internacional. Hija de una madre de alquiler, su testimonio desaf\u00eda las narrativas predominantes y plantea profundas cuestiones \u00e9ticas sobre esta pr\u00e1ctica. Esta semana publica una <a href=\"https:\/\/www.amazon.es\/O%C3%B9-es-tu-Maman-t%C3%A9moignage-poignant\/dp\/2268111431\">obra con su testimonio<\/a> y, en esta entrevista hablamos con ella sobre su historia, sus reflexiones y el impacto de su lucha en la defensa de los derechos de los ni\u00f1os nacidos por subrogaci\u00f3n.<\/p>\n<h3 class=\"wp-block-heading\"><strong>En su libro describe el profundo impacto que tuvo en usted nacer de una madre de alquiler. \u00bfQu\u00e9 le llev\u00f3 a compartir su historia p\u00fablicamente?<\/strong><\/h3>\n<p>\u2013 Quer\u00eda compartir mi historia p\u00fablicamente por varias razones. La primera es que fue muy terap\u00e9utico escribir mi historia, como si pudiera soltar cosas que hab\u00eda estado guardando dentro de m\u00ed. En segundo lugar, quer\u00eda dar testimonio p\u00fablicamente para contrarrestar la \u00fanica versi\u00f3n que los medios de comunicaci\u00f3n nos muestran de la maternidad: las flores, las mariposas, las historias bonitas.<\/p>\n<p>A pesar de que creo que hay algunas buenas historias, la realidad de la gestaci\u00f3n subrogada es mucho m\u00e1s oscura y terrible de lo que los medios intentan contarnos. A trav\u00e9s de mi historia, intento concienciar a la gente de lo que es la gestaci\u00f3n subrogada: una nueva forma de trata de seres humanos. Es m\u00e1s, me he unido a la <a href=\"https:\/\/declaration-surrogacy-casablanca.org\/es\/\">Declaraci\u00f3n de Casablanca<\/a>, cuyo objetivo es abolir los vientres de alquiler en todo el mundo, porque ese es el objetivo de mi vida.<\/p>\n<h3 class=\"wp-block-heading\"><strong>\u00bfCu\u00e1l fue el momento clave de su vida en el que empez\u00f3 a cuestionarse la maternidad subrogada y su impacto en los ni\u00f1os nacidos de esta forma?\u00a0\u00a0\u00a0<\/strong><\/h3>\n<p>\u2013 No hay un momento concreto en mi vida. Conoc\u00ed la gestaci\u00f3n subrogada a los 17 a\u00f1os, cuando investigu\u00e9 sobre el tema. Antes de eso, no sab\u00eda que exist\u00eda. Desde el momento en que me di cuenta, rechac\u00e9 inmediatamente la pr\u00e1ctica de este tipo de embarazos. No empec\u00e9 a luchar por la abolici\u00f3n de esta pr\u00e1ctica hasta 2023, cuando decid\u00ed hablar claro en mis redes sociales.<\/p>\n<h3 class=\"wp-block-heading\"><strong>\u00bfQu\u00e9 cree que falta en el debate sobre la gestaci\u00f3n subrogada que rara vez se discute en los medios de comunicaci\u00f3n?\u00a0\u00a0\u00a0<\/strong><\/h3>\n<p>\u2013 Hay una grave carencia de personas en los medios de comunicaci\u00f3n que est\u00e9n a favor de abolir la maternidad subrogada. Por el momento, todo lo que vemos en televisi\u00f3n son personas que est\u00e1n a favor o personas que han recurrido a ella y la promueven. Me parece terrible que en un pa\u00eds como Francia, donde la gestaci\u00f3n subrogada est\u00e1 prohibida, los medios de comunicaci\u00f3n se empe\u00f1en tanto en promover \u00abbuenas historias\u00bb sin poner nunca delante a personas que lo han sufrido o que militan por su abolici\u00f3n.<\/p>\n<h3 class=\"wp-block-heading\"><strong>\u00bfQu\u00e9 les dir\u00eda a las parejas que est\u00e1n pensando en recurrir a una madre de alquiler para tener hijos?\u00a0\u00a0\u00a0<\/strong><\/h3>\n<p>\u2013 Intento no juzgar. Creo que estas personas sufren enormemente y comprendo su dolor. Pero no creo que debamos olvidar los derechos de los ni\u00f1os y las mujeres s\u00f3lo porque queremos tener un hijo a cualquier precio.<\/p>\n<h3 class=\"wp-block-heading\"><strong>\u00bfQu\u00e9 impacto cree que tiene la separaci\u00f3n de la madre de alquiler en la identidad y el desarrollo emocional del ni\u00f1o?\u00a0\u00a0\u00a0<\/strong><\/h3>\n<p>\u2013 Lo m\u00e1s dif\u00edcil es el trauma del abandono. Lo hemos estudiado en ni\u00f1os adoptados: los ni\u00f1os adoptados tienen cuatro veces m\u00e1s probabilidades de intentar suicidarse. Esto demuestra claramente que ser arrancado de tu madre al nacer, que te roben tus or\u00edgenes y no saber qui\u00e9n eres puede causar terribles problemas. Todos necesitamos saber qui\u00e9nes somos, de d\u00f3nde venimos, qui\u00e9nes son nuestros abuelos, porque eso nos define para el resto de nuestras vidas. Personalmente, siempre me he preguntado: \u00bfpor qu\u00e9 amo tanto a los animales? La respuesta me la dio mi madre de alquiler: a ella tambi\u00e9n le apasionan los animales. Para construirnos a nosotros mismos, necesitamos saber de d\u00f3nde venimos. Como los cimientos de una casa: si no son buenos, la casa se derrumba.<\/p>\n<h3 class=\"wp-block-heading\"><strong>Algunos defienden la maternidad subrogada como un acto de generosidad o un derecho a la reproducci\u00f3n. \u00bfC\u00f3mo responde usted a estos argumentos?\u00a0\u00a0\u00a0<\/strong><\/h3>\n<p>\u2013 No existe un derecho a tener un hijo o a tener descendencia: no existe en ning\u00fan texto legal, en ning\u00fan pa\u00eds del mundo. Lo que s\u00ed existe, son los derechos de los ni\u00f1os que est\u00e1n reconocidos espec\u00edficamente en la Convenci\u00f3n sobre los Derechos del Ni\u00f1o, y la gestaci\u00f3n subrogada viola muchos de estos derechos<\/p>\n<p>Si este tipo de gestaci\u00f3n fuera un acto de pura generosidad, \u00bfpor qu\u00e9 siempre hay dinero de por medio en el proceso? Incluso cuando es \u00abaltruista\u00bb, las madres de alquiler reciben grandes sumas de dinero, a veces equivalentes a un sueldo. Si quit\u00e1ramos todo el dinero de la ecuaci\u00f3n, si estas mujeres lo hicieran absolutamente gratis y sin recibir ning\u00fan reembolso, \u00bfcree que har\u00eda cola para inyectarse enormes dosis de hormonas, someterse a un embarazo y a los riesgos asociados (como la muerte), y luego regalar a su beb\u00e9? No lo creo.<\/p>\n<h3 class=\"wp-block-heading\"><strong>Usted aboga por una prohibici\u00f3n internacional de la gestaci\u00f3n subrogada. \u00bfCree que es posible lograrlo en un mundo en el que la demanda sigue siendo elevada?\u00a0\u00a0\u00a0<\/strong><\/h3>\n<p>\u2013 La demanda es muy elevada: acaba de publicarse un nuevo estudio que muestra que el mercado de la gestaci\u00f3n subrogada ascendi\u00f3 a 21.850 millones de d\u00f3lares en todo el mundo en 2024 y se espera que alcance los 195.000 millones en 2034. A pesar de esta enorme demanda, estoy absolutamente convencida de que podemos acabar con este mercado al aire libre de mujeres y ni\u00f1os. De lo contrario, \u00a1no estar\u00eda aqu\u00ed luchando por su abolici\u00f3n!<\/p>\n<p>Soy consciente de que abolir un mercado tan enorme llevar\u00e1 tiempo, pero tenemos que ser pacientes y actuar de forma muy estrat\u00e9gica. El mercado de esclavos fue un mercado colosal en su momento, y se tard\u00f3 casi 100 a\u00f1os en abolirlo por completo, \u00a1pero hoy parece incre\u00edble que haya podido ocurrir! Creo que ocurrir\u00e1 lo mismo con los vientres de alquiler: llevar\u00e1 mucho tiempo y un d\u00eda las generaciones futuras se preguntar\u00e1n c\u00f3mo hemos podido permitir que se alquilen y compren mujeres y ni\u00f1os como si nada.<\/p>\n<h3 class=\"wp-block-heading\"><strong>\u00bfQu\u00e9 le ha ayudado a aceptar su historia y su identidad?\u00a0\u00a0\u00a0<\/strong><\/h3>\n<p>\u2013 Lo primero que me reconcili\u00f3 con mi historia y mi identidad fue tener la oportunidad de conocer mis or\u00edgenes gracias a la prueba de ADN que me hizo mi suegra: por fin pude saber la composici\u00f3n de mis genes, conocer a mi familia biol\u00f3gica \u00a1e incluso conocer a mi hermanastro! \u00a1Qu\u00e9 milagro! Tambi\u00e9n pude hablar con mi madre de alquiler, lo que me dio muchas respuestas a mis preguntas existenciales. Luego, dar mi testimonio ante diferentes p\u00fablicos en pa\u00edses muy variados y luchar por la abolici\u00f3n de la gestaci\u00f3n subrogada junto a la Declaraci\u00f3n de Casablanca fue una incre\u00edble fuente de reconstrucci\u00f3n para m\u00ed y me permiti\u00f3 convertir mi dolor en fuerza.<\/p>\n<p>Por \u00faltimo, escribir mi libro tambi\u00e9n ha sido muy terap\u00e9utico, porque por fin he podido poner por escrito todo lo que me rondaba por la cabeza, con toda sinceridad. Espero que sea de utilidad para cualquiera que quiera luchar contra la gestaci\u00f3n subrogada a su propio nivel.<\/p>\n<h3 class=\"wp-block-heading\"><strong>Si pudiera hablar con los ni\u00f1os nacidos por gestaci\u00f3n subrogada que, como usted, sienten un vac\u00edo o un conflicto interior, \u00bfqu\u00e9 les dir\u00eda?\u00a0\u00a0\u00a0<\/strong><\/h3>\n<p>\u2013 Ya estoy en contacto con otros ni\u00f1os nacidos por este procedimiento que sufren como yo. Estas personas saben que las quiero y que estar\u00e9 a su lado el resto de mi vida. Estoy firmemente decidida a hacerlo porque el apoyo psicol\u00f3gico es muy importante para superar nuestros traumas.<\/p>\n<\/div>\n","protected":false},"excerpt":{"rendered":"<p>Entrevista original en OMNES, Javier Garc\u00eda Herrer\u00eda, 17 de febrero de 2025 Olivia Maurel, nacida mediante gestaci\u00f3n subrogada, expone el impacto de este proceso en la identidad de los ni\u00f1os y su lucha por su abolici\u00f3n a nivel mundial. Olivia Maurel, activista y figura clave en el debate sobre la gestaci\u00f3n subrogada, ha convertido su [&hellip;]<\/p>\n","protected":false},"author":2,"featured_media":11978,"comment_status":"closed","ping_status":"closed","sticky":false,"template":"","format":"standard","meta":{"_seopress_robots_primary_cat":"none","_seopress_titles_title":"","_seopress_titles_desc":"","_seopress_robots_index":"","footnotes":""},"categories":[49,51],"tags":[],"class_list":["post-12036","post","type-post","status-publish","format-standard","has-post-thumbnail","hentry","category-experiencia-en-espanol","category-olivia-maurel"],"_links":{"self":[{"href":"https:\/\/declaration-surrogacy-casablanca.org\/fr\/wp-json\/wp\/v2\/posts\/12036","targetHints":{"allow":["GET"]}}],"collection":[{"href":"https:\/\/declaration-surrogacy-casablanca.org\/fr\/wp-json\/wp\/v2\/posts"}],"about":[{"href":"https:\/\/declaration-surrogacy-casablanca.org\/fr\/wp-json\/wp\/v2\/types\/post"}],"author":[{"embeddable":true,"href":"https:\/\/declaration-surrogacy-casablanca.org\/fr\/wp-json\/wp\/v2\/users\/2"}],"replies":[{"embeddable":true,"href":"https:\/\/declaration-surrogacy-casablanca.org\/fr\/wp-json\/wp\/v2\/comments?post=12036"}],"version-history":[{"count":0,"href":"https:\/\/declaration-surrogacy-casablanca.org\/fr\/wp-json\/wp\/v2\/posts\/12036\/revisions"}],"wp:featuredmedia":[{"embeddable":true,"href":"https:\/\/declaration-surrogacy-casablanca.org\/fr\/wp-json\/wp\/v2\/media\/11978"}],"wp:attachment":[{"href":"https:\/\/declaration-surrogacy-casablanca.org\/fr\/wp-json\/wp\/v2\/media?parent=12036"}],"wp:term":[{"taxonomy":"category","embeddable":true,"href":"https:\/\/declaration-surrogacy-casablanca.org\/fr\/wp-json\/wp\/v2\/categories?post=12036"},{"taxonomy":"post_tag","embeddable":true,"href":"https:\/\/declaration-surrogacy-casablanca.org\/fr\/wp-json\/wp\/v2\/tags?post=12036"}],"curies":[{"name":"wp","href":"https:\/\/api.w.org\/{rel}","templated":true}]}}